{"id":99926,"__str__":"Requerimento n\u00ba 1889 de 2025","link_detail_backend":"/materia/99926","metadata":{},"numero":1889,"ano":2025,"numero_protocolo":null,"data_apresentacao":"2025-02-11","tipo_apresentacao":"","data_publicacao":null,"numero_origem_externa":"","ano_origem_externa":null,"data_origem_externa":null,"apelido":"","dias_prazo":null,"data_fim_prazo":null,"em_tramitacao":true,"polemica":false,"objeto":"","complementar":false,"ementa":"REQUER A CRIA\u00c7\u00c3O DA FRENTE PARLAMENTAR EM DEFESA DOS DIREITOS DAS PESSOAS COM TRANSTORNO DO ESPECTRO AUTISTO DO MUNIC\u00cdPIO DE FORTALEZA.","indexacao":"","observacao":"","resultado":"","texto_original":"http://sapl.fortaleza.ce.leg.br/media/sapl/public/materialegislativa/2025/99926/re18892025.pdf","data_ultima_atualizacao":"2025-02-11T13:59:53.345479-03:00","ip":"200.150.131.228","ultima_edicao":"2025-02-11T13:59:53.169397-03:00","tipo":3,"regime_tramitacao":1,"tipo_origem_externa":null,"local_origem_externa":null,"user":375,"anexadas":[],"autores":[256]}