{"id":99258,"__str__":"Requerimento n\u00ba 1472 de 2025","link_detail_backend":"/materia/99258","metadata":{},"numero":1472,"ano":2025,"numero_protocolo":null,"data_apresentacao":"2025-02-03","tipo_apresentacao":"","data_publicacao":null,"numero_origem_externa":"","ano_origem_externa":null,"data_origem_externa":null,"apelido":"","dias_prazo":null,"data_fim_prazo":null,"em_tramitacao":false,"polemica":false,"objeto":"","complementar":false,"ementa":"REQUER A REALIZA\u00c7\u00c3O DE AUDI\u00caNCIA  P\u00daBLICA EM ALUS\u00c3O AO DIA DO MASSOTERAPEUTA  QUE \u00c9 CELEBRADO ANUALMENTE  NO DIA 25 DE MAIO  E PARA DEBATER SOBRE A ORGANIZA\u00c7\u00c3O  E TRABALHO DAS MASSOTERAPEUTAS NAS BARRACAS DA PRAIA DO FUTURO.","indexacao":"","observacao":"","resultado":"","texto_original":"http://sapl.fortaleza.ce.leg.br/media/sapl/public/materialegislativa/2025/99258/re14722025.ap.pdf","data_ultima_atualizacao":"2025-04-03T15:00:37.593916-03:00","ip":"200.150.131.228","ultima_edicao":"2025-04-03T15:00:37.395316-03:00","tipo":3,"regime_tramitacao":1,"tipo_origem_externa":null,"local_origem_externa":null,"user":375,"anexadas":[],"autores":[402]}