{"id":98497,"__str__":"Requerimento n\u00ba 882 de 2025","link_detail_backend":"/materia/98497","metadata":{},"numero":882,"ano":2025,"numero_protocolo":null,"data_apresentacao":"2025-01-15","tipo_apresentacao":"","data_publicacao":null,"numero_origem_externa":"","ano_origem_externa":null,"data_origem_externa":null,"apelido":"","dias_prazo":null,"data_fim_prazo":null,"em_tramitacao":false,"polemica":false,"objeto":"","complementar":false,"ementa":"REQUER A REALIZA\u00c7\u00c3O DE SESS\u00c3O SOLENE EM HOMENAGEM  AO DIA DO PROFISSONAL DE EDUCA\u00c7\u00c3O F\u00cdSICA ,CELEBRADO EM 01 DE SETEMBRO .","indexacao":"","observacao":"","resultado":"","texto_original":null,"data_ultima_atualizacao":"2025-01-24T08:22:31.250752-03:00","ip":"200.150.131.228","ultima_edicao":"2025-01-15T10:26:12.995339-03:00","tipo":3,"regime_tramitacao":1,"tipo_origem_externa":null,"local_origem_externa":null,"user":384,"anexadas":[],"autores":[188]}