{"id":97503,"__str__":"Requerimento n\u00ba 138 de 2025","link_detail_backend":"/materia/97503","metadata":{},"numero":138,"ano":2025,"numero_protocolo":null,"data_apresentacao":"2025-01-02","tipo_apresentacao":"","data_publicacao":null,"numero_origem_externa":"","ano_origem_externa":null,"data_origem_externa":null,"apelido":"","dias_prazo":null,"data_fim_prazo":null,"em_tramitacao":false,"polemica":false,"objeto":"","complementar":false,"ementa":"REQUER A REALIZA\u00c7\u00c3O DE SESS\u00c3O SOLENE EM  HOMENAGEM  AO DIA  DO VETERIN\u00c1RIO E DA VETERIN\u00c1RIA , DATA COMEMORADA NO DIA 09 DE SETEMBRO .","indexacao":"","observacao":"","resultado":"","texto_original":null,"data_ultima_atualizacao":"2025-01-21T09:50:32.489814-03:00","ip":"200.150.131.228","ultima_edicao":"2025-01-02T13:50:07.968374-03:00","tipo":3,"regime_tramitacao":1,"tipo_origem_externa":null,"local_origem_externa":null,"user":384,"anexadas":[],"autores":[426]}