{"id":97479,"__str__":"Requerimento n\u00ba 114 de 2025","link_detail_backend":"/materia/97479","metadata":{},"numero":114,"ano":2025,"numero_protocolo":null,"data_apresentacao":"2025-01-02","tipo_apresentacao":"","data_publicacao":null,"numero_origem_externa":"","ano_origem_externa":null,"data_origem_externa":null,"apelido":"","dias_prazo":null,"data_fim_prazo":null,"em_tramitacao":true,"polemica":false,"objeto":"","complementar":false,"ementa":"REQUER A REALIZA\u00c7\u00c3O DE SESS\u00c3O SOLENE EM HOMENAGEM AOS 53 ANOS DE FUNDA\u00c7\u00c3O DA FEDERA\u00c7\u00c3O CEARENSE DE ATLETISMO.","indexacao":"","observacao":"","resultado":"","texto_original":null,"data_ultima_atualizacao":"2025-01-02T14:00:24.241115-03:00","ip":"200.150.131.228","ultima_edicao":"2025-01-02T11:31:25.623381-03:00","tipo":3,"regime_tramitacao":1,"tipo_origem_externa":null,"local_origem_externa":null,"user":410,"anexadas":[],"autores":[374]}