{"id":97472,"__str__":"Requerimento n\u00ba 107 de 2025","link_detail_backend":"/materia/97472","metadata":{},"numero":107,"ano":2025,"numero_protocolo":null,"data_apresentacao":"2025-01-02","tipo_apresentacao":"","data_publicacao":null,"numero_origem_externa":"","ano_origem_externa":null,"data_origem_externa":null,"apelido":"","dias_prazo":null,"data_fim_prazo":null,"em_tramitacao":true,"polemica":false,"objeto":"","complementar":false,"ementa":"REQUER A REALIZA\u00c7\u00c3O DE SESS\u00c3O SOLENE EM COMEMORA\u00c7\u00c3O AO DIA DA EDUCA\u00c7\u00c3O, CELEBRADO ANUALMENTE NO DIA 28 DE ABRIL.","indexacao":"","observacao":"","resultado":"","texto_original":null,"data_ultima_atualizacao":"2025-01-02T14:00:23.403005-03:00","ip":"200.150.131.228","ultima_edicao":"2025-01-02T11:21:52.578459-03:00","tipo":3,"regime_tramitacao":1,"tipo_origem_externa":null,"local_origem_externa":null,"user":410,"anexadas":[],"autores":[374]}