{"id":43788,"__str__":"Requerimento n\u00ba 4203 de 2018","link_detail_backend":"/materia/43788","metadata":{},"numero":4203,"ano":2018,"numero_protocolo":null,"data_apresentacao":"2018-08-14","tipo_apresentacao":"E","data_publicacao":null,"numero_origem_externa":"","ano_origem_externa":null,"data_origem_externa":null,"apelido":"","dias_prazo":null,"data_fim_prazo":null,"em_tramitacao":true,"polemica":null,"objeto":"","complementar":null,"ementa":"REQUER A INCLUS\u00c3O DO PROJETO DE LEI  N\u00ba 261/2018 NA ORDEM DO DIA PARA DELIBERA\u00c7\u00c3O EM PLEN\u00c1RIO,NOS TERMOS DO ARTIGO 82, \u00a7 7\u00ba, E ARTIGO 142, PAR\u00c1GRAFO \u00daNICO, DO REGIMENTO INTERNO DESTA CASA.","indexacao":"","observacao":"","resultado":"","texto_original":null,"data_ultima_atualizacao":"2018-10-23T17:19:29.809196-03:00","ip":"","ultima_edicao":null,"tipo":3,"regime_tramitacao":1,"tipo_origem_externa":null,"local_origem_externa":null,"user":null,"anexadas":[],"autores":[285]}